{"id":924,"date":"2021-02-24T12:50:21","date_gmt":"2021-02-24T15:50:21","guid":{"rendered":"https:\/\/isfd137-bue.infd.edu.ar\/sitio\/?p=924"},"modified":"2025-02-09T15:48:11","modified_gmt":"2025-02-09T18:48:11","slug":"plan-de-estudios","status":"publish","type":"post","link":"https:\/\/isfd137-bue.infd.edu.ar\/sitio\/plan-de-estudios\/","title":{"rendered":"Plan de Estudios"},"content":{"rendered":"<h2>Plan de Estudios<\/h2>\n<table style=\"font-weight: 400;\">\n<tbody>\n<tr>\n<td style=\"font-weight: 400;\" colspan=\"2\"><b><strong>1er. A\u00f1o Inicial<\/strong><\/b> <b><strong>\u00a0<\/strong><\/b><\/td>\n<\/tr>\n<tr>\n<td style=\"font-weight: 400;\" rowspan=\"3\"><b><strong>Campo de Actualizaci\u00f3n Formativa<\/strong><\/b><\/td>\n<td style=\"font-weight: 400;\">Taller de lectura, escritura y oralidad (64)<\/td>\n<\/tr>\n<tr>\n<td style=\"font-weight: 400;\">Taller de pensamiento l\u00f3gico matem\u00e1tico (64)<\/td>\n<\/tr>\n<tr>\n<td style=\"font-weight: 400;\">Taller de definici\u00f3n institucional (64)<\/td>\n<\/tr>\n<tr>\n<td style=\"font-weight: 400;\" rowspan=\"2\"><b><strong>Campo de la Subjetividad y las Culturas<\/strong><\/b><\/td>\n<td style=\"font-weight: 400;\">Psicolog\u00eda del desarrollo y el aprendizaje I (64)<\/td>\n<\/tr>\n<tr>\n<td style=\"font-weight: 400;\">Educaci\u00f3n temprana (64)<\/td>\n<\/tr>\n<tr>\n<td style=\"font-weight: 400;\"><b><strong>Campo de los Saberes a Ense\u00f1ar<\/strong><\/b><\/td>\n<td style=\"font-weight: 400;\">Corporeidad y motricidad (32)<\/td>\n<\/tr>\n<tr>\n<td style=\"font-weight: 400;\" rowspan=\"4\"><b><strong>Campo de la Fundamentaci\u00f3n<\/strong><\/b><\/td>\n<td style=\"font-weight: 400;\">Filosof\u00eda (64)<\/td>\n<\/tr>\n<tr>\n<td style=\"font-weight: 400;\">Did\u00e1ctica general (64)<\/td>\n<\/tr>\n<tr>\n<td style=\"font-weight: 400;\">Pedagog\u00eda (64)<\/td>\n<\/tr>\n<tr>\n<td style=\"font-weight: 400;\">An\u00e1lisis del mundo contempor\u00e1neo (32)<\/td>\n<\/tr>\n<tr>\n<td style=\"font-weight: 400;\" rowspan=\"3\"><b><strong>Campo de la Pr\u00e1ctica Docente<\/strong><\/b><\/td>\n<td style=\"font-weight: 400;\"><i><em>Pr\u00e1ctica en terreno:<\/em><\/i> Experiencia social en espacios y organizaciones de la comunidad (32)<\/td>\n<\/tr>\n<tr>\n<td style=\"font-weight: 400;\"><b><strong>\u00a0<\/strong><\/b> <b><strong>Taller Integrador Interdisciplinario<\/strong><\/b> <i><em>\u00a0<\/em><\/i> <i><em>Ciudad educadora<\/em><\/i> (32)<\/td>\n<\/tr>\n<tr>\n<td style=\"font-weight: 400;\"><i><em>Herramientas:<\/em><\/i> Educaci\u00f3n social y estrategias de educaci\u00f3n popular (32)<\/td>\n<\/tr>\n<\/tbody>\n<\/table>\n<p style=\"font-weight: 400;\">\u00a0<\/p>\n<p style=\"font-weight: 400;\">\u00a0<\/p>\n<p style=\"font-weight: 400;\">\u00a0<\/p>\n<p style=\"font-weight: 400;\">\u00a0<\/p>\n<p style=\"font-weight: 400;\">\u00a0<\/p>\n<table style=\"font-weight: 400;\">\n<tbody>\n<tr>\n<td style=\"font-weight: 400;\" colspan=\"2\"><b><strong>2\u00ba A\u00f1o Inicial<\/strong><\/b><\/td>\n<\/tr>\n<tr>\n<td style=\"font-weight: 400;\" rowspan=\"3\"><b><strong>Campo de la Subjetividad y las Culturas<\/strong><\/b><\/td>\n<td style=\"font-weight: 400;\">Psicolog\u00eda del desarrollo y el aprendizaje II (64<\/td>\n<\/tr>\n<tr>\n<td style=\"font-weight: 400;\">Psicolog\u00eda social e institucional (32)<\/td>\n<\/tr>\n<tr>\n<td style=\"font-weight: 400;\">Cultura, comunicaci\u00f3n y educaci\u00f3n (32)<\/td>\n<\/tr>\n<tr>\n<td style=\"font-weight: 400;\" rowspan=\"5\"><b><strong>Campo de los Saberes a Ense\u00f1ar<\/strong><\/b> \u00a0<\/td>\n<td style=\"font-weight: 400;\">Educaci\u00f3n pl\u00e1stica (64)<\/td>\n<\/tr>\n<tr>\n<td style=\"font-weight: 400;\">Did\u00e1ctica de Pr\u00e1cticas del\u00a0 Lenguaje y la Literatura (64)<\/td>\n<\/tr>\n<tr>\n<td style=\"font-weight: 400;\">Did\u00e1ctica de las Ciencias Sociales (64)<\/td>\n<\/tr>\n<tr>\n<td style=\"font-weight: 400;\">Did\u00e1ctica de las Ciencias Naturales (64)<\/td>\n<\/tr>\n<tr>\n<td style=\"font-weight: 400;\">Did\u00e1ctica de la Matem\u00e1tica (64)<\/td>\n<\/tr>\n<tr>\n<td style=\"font-weight: 400;\" rowspan=\"2\"><b><strong>Campo de la Fundamentaci\u00f3n<\/strong><\/b><\/td>\n<td style=\"font-weight: 400;\">Teor\u00edas sociopol\u00edticas y educaci\u00f3n (64)<\/td>\n<\/tr>\n<tr>\n<td style=\"font-weight: 400;\">Did\u00e1ctica y curr\u00edculum de Nivel Inicial (64)<\/td>\n<\/tr>\n<tr>\n<td style=\"font-weight: 400;\" rowspan=\"3\">\u00a0 <b><strong>Campo de la Pr\u00e1ctica Docente<\/strong><\/b><\/td>\n<td style=\"font-weight: 400;\"><i><em>Pr\u00e1ctica en terreno:<\/em><\/i> En instituciones educativas (distintos \u00e1mbitos: urbano, suburbano, rural) (64)<\/td>\n<\/tr>\n<tr>\n<td style=\"font-weight: 400;\"><b><strong>\u00a0<\/strong><\/b> <b><strong>Taller Integrador Interdisciplinario<\/strong><\/b> <i><em>\u00a0<\/em><\/i> <i><em>Espacio escolar<\/em><\/i> <i><em>y realidad educativa<\/em><\/i> (32) \u00a0<\/td>\n<\/tr>\n<tr>\n<td style=\"font-weight: 400;\"><i><em>Herramientas:<\/em><\/i> Aproximaci\u00f3n y an\u00e1lisis cualitativo institucional (32)<\/td>\n<\/tr>\n<\/tbody>\n<\/table>\n<p style=\"font-weight: 400;\">\u00a0<\/p>\n<p style=\"font-weight: 400;\">\u00a0<\/p>\n<p style=\"font-weight: 400;\">\u00a0<\/p>\n<p style=\"font-weight: 400;\">\u00a0<\/p>\n<table style=\"font-weight: 400;\">\n<tbody>\n<tr>\n<td style=\"font-weight: 400;\" colspan=\"2\"><b><strong>3\u00ba A\u00f1o Inicial<\/strong><\/b><\/td>\n<\/tr>\n<tr>\n<td style=\"font-weight: 400;\" rowspan=\"2\"><b><strong>Campo de la Subjetividad y las Culturas<\/strong><\/b><\/td>\n<td style=\"font-weight: 400;\">Juego y desarrollo infantil (64) \u00a0<\/td>\n<\/tr>\n<tr>\n<td style=\"font-weight: 400;\">Medios audiovisuales, TIC\u2019s y educaci\u00f3n (32)<\/td>\n<\/tr>\n<tr>\n<td style=\"font-weight: 400;\" rowspan=\"7\"><b><strong>Campo de los Saberes a Ense\u00f1ar<\/strong><\/b> \u00a0<\/td>\n<td style=\"font-weight: 400;\">Educaci\u00f3n musical (64)<\/td>\n<\/tr>\n<tr>\n<td style=\"font-weight: 400;\">Educaci\u00f3n F\u00edsica escolar (64)<\/td>\n<\/tr>\n<tr>\n<td style=\"font-weight: 400;\">Taller de Literatura infantil (32) \u00a0<\/td>\n<\/tr>\n<tr>\n<td style=\"font-weight: 400;\">Taller de Ciencias Sociales (32)<\/td>\n<\/tr>\n<tr>\n<td style=\"font-weight: 400;\">Taller de Ciencias Naturales (32)<\/td>\n<\/tr>\n<tr>\n<td style=\"font-weight: 400;\">Taller de la Matem\u00e1tica (32)<\/td>\n<\/tr>\n<tr>\n<td style=\"font-weight: 400;\">Producci\u00f3n de materiales y objetos l\u00fadicos (32)<\/td>\n<\/tr>\n<tr>\n<td style=\"font-weight: 400;\" rowspan=\"2\"><b><strong>Campo de la Fundamentaci\u00f3n<\/strong><\/b><\/td>\n<td style=\"font-weight: 400;\">Historia y prospectiva de la educaci\u00f3n (64)<\/td>\n<\/tr>\n<tr>\n<td style=\"font-weight: 400;\">Pol\u00edticas, legislaci\u00f3n y administraci\u00f3n del trabajo escolar (64)<\/td>\n<\/tr>\n<tr>\n<td style=\"font-weight: 400;\" rowspan=\"3\">\u00a0 <b><strong>Campo de la Pr\u00e1ctica Docente<\/strong><\/b><\/td>\n<td style=\"font-weight: 400;\"><i><em>Pr\u00e1ctica en terreno:<\/em><\/i> En el aula, en el nivel de formaci\u00f3n (128)<\/td>\n<\/tr>\n<tr>\n<td style=\"font-weight: 400;\"><b><strong>\u00a0<\/strong><\/b> <b><strong>Taller Integrador Interdisciplinario<\/strong><\/b> <i><em>\u00a0<\/em><\/i> <i><em>Relaci\u00f3n educativa<\/em><\/i> (32) \u00a0<\/td>\n<\/tr>\n<tr>\n<td style=\"font-weight: 400;\"><i><em>Herramientas:<\/em><\/i> Investigaci\u00f3n en y para la acci\u00f3n educativa (32)<\/td>\n<\/tr>\n<\/tbody>\n<\/table>\n<p style=\"font-weight: 400;\">\u00a0<\/p>\n<p style=\"font-weight: 400;\">\u00a0<\/p>\n<p style=\"font-weight: 400;\">\u00a0<\/p>\n<p style=\"font-weight: 400;\">\u00a0<\/p>\n<p style=\"font-weight: 400;\">\u00a0<\/p>\n<p style=\"font-weight: 400;\">\u00a0<\/p>\n<table style=\"font-weight: 400;\">\n<tbody>\n<tr>\n<td style=\"font-weight: 400;\" colspan=\"2\"><b><strong>4\u00ba A\u00f1o Inicial<\/strong><\/b><\/td>\n<\/tr>\n<tr>\n<td style=\"font-weight: 400;\"><b><strong>Campo de la Subjetividad y las Culturas<\/strong><\/b><\/td>\n<td style=\"font-weight: 400;\">Educaci\u00f3n en y para la salud (32) \u00a0<\/td>\n<\/tr>\n<tr>\n<td style=\"font-weight: 400;\" rowspan=\"4\"><b><strong>Campo de los Saberes a Ense\u00f1ar<\/strong><\/b> \u00a0<\/td>\n<td style=\"font-weight: 400;\">Ateneo de Pr\u00e1cticas del Lenguaje y la Literatura (64)<\/td>\n<\/tr>\n<tr>\n<td style=\"font-weight: 400;\">Ateneo de Matem\u00e1tica (64)<\/td>\n<\/tr>\n<tr>\n<td style=\"font-weight: 400;\">Ateneo de Naturaleza y Sociedad (64)<\/td>\n<\/tr>\n<tr>\n<td style=\"font-weight: 400;\">Ateneo de nuevas expresiones est\u00e9ticas (64)<\/td>\n<\/tr>\n<tr>\n<td style=\"font-weight: 400;\" rowspan=\"2\"><b><strong>Campo de la Fundamentaci\u00f3n<\/strong><\/b><\/td>\n<td style=\"font-weight: 400;\">Reflexi\u00f3n filos\u00f3fica de la educaci\u00f3n (32)<\/td>\n<\/tr>\n<tr>\n<td style=\"font-weight: 400;\">Dimensi\u00f3n \u00e9tico-pol\u00edtica de la praxis docente (32)<\/td>\n<\/tr>\n<tr>\n<td style=\"font-weight: 400;\" rowspan=\"2\">\u00a0 <b><strong>Campo de la Pr\u00e1ctica Docente<\/strong><\/b><\/td>\n<td style=\"font-weight: 400;\"><i><em>Pr\u00e1ctica en terreno:<\/em><\/i> En el aula, en el nivel de formaci\u00f3n (256)<\/td>\n<\/tr>\n<tr>\n<td style=\"font-weight: 400;\"><b><strong>\u00a0<\/strong><\/b> <b><strong>Taller Integrador Interdisciplinario<\/strong><\/b> <i><em>\u00a0<\/em><\/i> <i><em>Posicionamiento docente<\/em><\/i> (32) \u00a0<\/td>\n<\/tr>\n<\/tbody>\n<\/table>\n<p style=\"font-weight: 400;\">\u00a0<\/p>\n<p style=\"font-weight: 400;\">\u00a0<\/p>\n<table style=\"font-weight: 400;\">\n<tbody>\n<tr>\n<td style=\"font-weight: 400;\" width=\"576\"><b><strong>Trayectos Formativos Opcionales<\/strong><\/b><\/td>\n<\/tr>\n<tr>\n<td style=\"font-weight: 400;\" width=\"576\">Espacios de definici\u00f3n institucional (160) (En estas horas se considera el Taller proped\u00e9utico de opci\u00f3n y definici\u00f3n institucional) \u00a0 Trayectos actuales: -Jard\u00edn Maternal. -Estimulaci\u00f3n Temprana.<\/td>\n<\/tr>\n<\/tbody>\n<\/table>\n<p style=\"font-weight: 400;\"><b><strong>\u00a0<\/strong><\/b><\/p>\n<p style=\"font-weight: 400;\"><b><strong>T\u00edtulo: PROFESOR DE EDUCACI\u00d3N INICIAL<\/strong><\/b><\/p>\n<p style=\"font-weight: 400;\"><b><strong>\u00a0<\/strong><\/b><\/p>\n<p style=\"font-weight: 400;\"><b><strong>Carga horaria total: 2816 horas<\/strong><\/b><\/p>\n<p style=\"font-weight: 400;\">Para el c\u00e1lculo de los M\u00f3dulos semanales debe dividirse el n\u00famero total de horas por 32. As\u00ed, a 32 horas corresponde 1 M\u00f3dulo semanal; a 64 horas: 2 M\u00f3dulos, etc.<\/p>\n<p style=\"font-weight: 400;\">\u00a0<\/p>\n<p style=\"font-weight: 400;\">\u00a0<\/p>\n<p style=\"font-weight: 400;\">\u00a0<\/p>\n<p style=\"font-weight: 400;\">CORRELATIVIDADES<\/p>\n<p style=\"font-weight: 400;\">\u00a0<\/p>\n<table style=\"font-weight: 400;\">\n<tbody>\n<tr>\n<td style=\"font-weight: 400;\" colspan=\"2\" width=\"559\"><b><strong>2\u00ba A\u00d1O<\/strong><\/b> <b><strong>\u00a0<\/strong><\/b><\/td>\n<\/tr>\n<tr>\n<td style=\"font-weight: 400;\" width=\"271\">Psicolog\u00eda del Desarrollo y el Aprendizaje II<\/td>\n<td style=\"font-weight: 400;\" width=\"288\">Psicolog\u00eda del Desarrollo y el Aprendizaje I<\/td>\n<\/tr>\n<tr>\n<td style=\"font-weight: 400;\" width=\"271\">Psicolog\u00eda Social e Institucional<\/td>\n<td style=\"font-weight: 400;\" width=\"288\">___________<\/td>\n<\/tr>\n<tr>\n<td style=\"font-weight: 400;\" width=\"271\">Cultura, Comunicaci\u00f3n y Educaci\u00f3n<\/td>\n<td style=\"font-weight: 400;\" width=\"288\">____________<\/td>\n<\/tr>\n<tr>\n<td style=\"font-weight: 400;\" width=\"271\">Campo de la Pr\u00e1ctica Docente II<\/td>\n<td style=\"font-weight: 400;\" width=\"288\">Campo de la Pr\u00e1ctica Docente I<\/td>\n<\/tr>\n<tr>\n<td style=\"font-weight: 400;\" width=\"271\">Educaci\u00f3n Pl\u00e1stica<\/td>\n<td style=\"font-weight: 400;\" width=\"288\">____________<\/td>\n<\/tr>\n<tr>\n<td style=\"font-weight: 400;\" width=\"271\">Did\u00e1ctica de Pr\u00e1cticas del Lenguaje y la Literatura<\/td>\n<td style=\"font-weight: 400;\" width=\"288\">______________<\/td>\n<\/tr>\n<tr>\n<td style=\"font-weight: 400;\" width=\"271\">Did\u00e1ctica de las Ciencias Sociales<\/td>\n<td style=\"font-weight: 400;\" width=\"288\">____________<\/td>\n<\/tr>\n<tr>\n<td style=\"font-weight: 400;\" width=\"271\">Did\u00e1ctica de las Ciencias Naturales<\/td>\n<td style=\"font-weight: 400;\" width=\"288\">____________<\/td>\n<\/tr>\n<tr>\n<td style=\"font-weight: 400;\" width=\"271\">Did\u00e1ctica de la Matem\u00e1tica<\/td>\n<td style=\"font-weight: 400;\" width=\"288\">_____________<\/td>\n<\/tr>\n<tr>\n<td style=\"font-weight: 400;\" width=\"271\">Teor\u00edas Sociopol\u00edticas y Educaci\u00f3n<\/td>\n<td style=\"font-weight: 400;\" width=\"288\">_____________<\/td>\n<\/tr>\n<tr>\n<td style=\"font-weight: 400;\" width=\"271\">Did\u00e1ctica y Curriculum del Nivel Inicial<\/td>\n<td style=\"font-weight: 400;\" width=\"288\">Did\u00e1ctica General<\/td>\n<\/tr>\n<tr>\n<td style=\"font-weight: 400;\" colspan=\"2\" width=\"559\"><b><strong>\u00a0<\/strong><\/b> <b><strong>3er A\u00d1O<\/strong><\/b> <b><strong>\u00a0<\/strong><\/b><\/td>\n<\/tr>\n<tr>\n<td style=\"font-weight: 400;\" width=\"271\">Juegos y Desarrollo Infantil<\/td>\n<td style=\"font-weight: 400;\" width=\"288\">Psicologia del Desarrollo y Aprendizaje I<\/td>\n<\/tr>\n<tr>\n<td style=\"font-weight: 400;\" width=\"271\">Medios audiovisuales, TICs y Educaci\u00f3n<\/td>\n<td style=\"font-weight: 400;\" width=\"288\">__________<\/td>\n<\/tr>\n<tr>\n<td style=\"font-weight: 400;\" width=\"271\">Educaci\u00f3n Musical<\/td>\n<td style=\"font-weight: 400;\" width=\"288\">____________<\/td>\n<\/tr>\n<tr>\n<td style=\"font-weight: 400;\" width=\"271\">Educaci\u00f3n F\u00edsica Escolar<\/td>\n<td style=\"font-weight: 400;\" width=\"288\">____________<\/td>\n<\/tr>\n<tr>\n<td style=\"font-weight: 400;\" width=\"271\">Taller de Ciencias Sociales<\/td>\n<td style=\"font-weight: 400;\" width=\"288\">Did\u00e1ctica de las Ciencias Sociales<\/td>\n<\/tr>\n<tr>\n<td style=\"font-weight: 400;\" width=\"271\">Taller de Ciencias Naturales<\/td>\n<td style=\"font-weight: 400;\" width=\"288\">Did\u00e1ctica de las Ciencias Naturales<\/td>\n<\/tr>\n<tr>\n<td style=\"font-weight: 400;\" width=\"271\">Taller de Literatura Infantil<\/td>\n<td style=\"font-weight: 400;\" width=\"288\">Did\u00e1ctica de Pr\u00e1cticas del Lenguaje y la Literatura<\/td>\n<\/tr>\n<tr>\n<td style=\"font-weight: 400;\" width=\"271\">Taller de Matem\u00e1tica<\/td>\n<td style=\"font-weight: 400;\" width=\"288\">Did\u00e1ctica de la Matem\u00e1tica<\/td>\n<\/tr>\n<tr>\n<td style=\"font-weight: 400;\" width=\"271\">Producci\u00f3n de Materiales y Objetos l\u00fadicos<\/td>\n<td style=\"font-weight: 400;\" width=\"288\">__________<\/td>\n<\/tr>\n<tr>\n<td style=\"font-weight: 400;\" width=\"271\">Historia y Prospectiva de la Educaci\u00f3n<\/td>\n<td style=\"font-weight: 400;\" width=\"288\">___________<\/td>\n<\/tr>\n<tr>\n<td style=\"font-weight: 400;\" width=\"271\">Pol\u00edticas, Legislaci\u00f3n y Administraci\u00f3n del Trabajo Escolar<\/td>\n<td style=\"font-weight: 400;\" width=\"288\">_____________<\/td>\n<\/tr>\n<tr>\n<td style=\"font-weight: 400;\" width=\"271\">Campo de la Pr\u00e1ctica Docente III<\/td>\n<td style=\"font-weight: 400;\" width=\"288\">Campo de la Pr\u00e1ctica Docente II Did\u00e1ctica de las pr\u00e1cticas del Lenguaje y la Literatura Did\u00e1ctica de las Ciencias Sociales Did\u00e1ctica de las Ciencias Naturales Did\u00e1ctica de la Matem\u00e1tica Did\u00e1ctica y Curriculum del Nivel Inicial<\/td>\n<\/tr>\n<tr>\n<td style=\"font-weight: 400;\" colspan=\"2\" width=\"559\"><b><strong>\u00a0<\/strong><\/b> <b><strong>4\u00ba A\u00d1O<\/strong><\/b> <b><strong>\u00a0<\/strong><\/b><\/td>\n<\/tr>\n<tr>\n<td style=\"font-weight: 400;\" width=\"271\">Educaci\u00f3n en y para la salud<\/td>\n<td style=\"font-weight: 400;\" width=\"288\">___________<\/td>\n<\/tr>\n<tr>\n<td style=\"font-weight: 400;\" width=\"271\">Ateneo de Pr\u00e1cticas del Lenguaje y la Literatura<\/td>\n<td style=\"font-weight: 400;\" width=\"288\">Taller de Literatura Infantil<\/td>\n<\/tr>\n<tr>\n<td style=\"font-weight: 400;\" width=\"271\">Ateneo de Matem\u00e1tica<\/td>\n<td style=\"font-weight: 400;\" width=\"288\">Taller de la Matem\u00e1tica \u00a0<\/td>\n<\/tr>\n<tr>\n<td style=\"font-weight: 400;\" width=\"271\">Ateneo de Naturaleza y Sociedad<\/td>\n<td style=\"font-weight: 400;\" width=\"288\">Taller de Ciencias Naturales Taller de Ciencias Sociales<\/td>\n<\/tr>\n<tr>\n<td style=\"font-weight: 400;\" width=\"271\">Ateneo de Nuevas Expresiones est\u00e9ticas<\/td>\n<td style=\"font-weight: 400;\" width=\"288\">____________<\/td>\n<\/tr>\n<tr>\n<td style=\"font-weight: 400;\" width=\"271\">Reflexi\u00f3n filos\u00f3fica de la Educaci\u00f3n<\/td>\n<td style=\"font-weight: 400;\" width=\"288\">Filosof\u00eda y Pedagog\u00eda<\/td>\n<\/tr>\n<tr>\n<td style=\"font-weight: 400;\" width=\"271\">Dimensi\u00f3n \u00e9tico pol\u00edtica de la praxis docente<\/td>\n<td style=\"font-weight: 400;\" width=\"288\">Teoria sociopoliticas y Educaci\u00f3n<\/td>\n<\/tr>\n<tr>\n<td style=\"font-weight: 400;\" width=\"271\">Campo de la Pr\u00e1ctica IV<\/td>\n<td style=\"font-weight: 400;\" width=\"288\">Campo de la Pr\u00e1ctica Docente III Taller de Ciencias Sociales Taller de Ciencias Naturales Taller de Literatura Infantil Taller de Matem\u00e1tica<\/td>\n<\/tr>\n<\/tbody>\n<\/table>\n<p style=\"font-weight: 400;\">\u00a0<\/p>\n<p style=\"font-weight: 400;\">OBSERVACIONES:<\/p>\n<p style=\"font-weight: 400;\">Para cursar 3er A\u00f1o, el alumno deber\u00e1 tener a final las materias de 1er A\u00f1o.<\/p>\n<p style=\"font-weight: 400;\">\u00a0<\/p>\n<p style=\"font-weight: 400;\">Para cursar 4\u00ba A\u00f1o deber\u00e1 tener a final 1\u00ba y 2\u00ba A\u00f1o<\/p>\n","protected":false},"excerpt":{"rendered":"<p>Plan de Estudios 1er. A\u00f1o Inicial \u00a0 Campo de Actualizaci\u00f3n Formativa Taller de lectura, escritura y oralidad (64) Taller de pensamiento l\u00f3gico matem\u00e1tico (64) Taller de definici\u00f3n institucional (64) Campo de la Subjetividad y las Culturas Psicolog\u00eda del desarrollo y el aprendizaje I (64) Educaci\u00f3n temprana (64) Campo de los Saberes a Ense\u00f1ar Corporeidad y &#8230; <a title=\"Plan de Estudios\" class=\"read-more\" href=\"https:\/\/isfd137-bue.infd.edu.ar\/sitio\/plan-de-estudios\/\" aria-label=\"More on Plan de Estudios\">[+]<\/a><\/p>\n","protected":false},"author":986,"featured_media":0,"comment_status":"open","ping_status":"open","sticky":false,"template":"","format":"standard","meta":[],"categories":[7],"tags":[],"acf":[],"_links":{"self":[{"href":"https:\/\/isfd137-bue.infd.edu.ar\/sitio\/wp-json\/wp\/v2\/posts\/924"}],"collection":[{"href":"https:\/\/isfd137-bue.infd.edu.ar\/sitio\/wp-json\/wp\/v2\/posts"}],"about":[{"href":"https:\/\/isfd137-bue.infd.edu.ar\/sitio\/wp-json\/wp\/v2\/types\/post"}],"author":[{"embeddable":true,"href":"https:\/\/isfd137-bue.infd.edu.ar\/sitio\/wp-json\/wp\/v2\/users\/986"}],"replies":[{"embeddable":true,"href":"https:\/\/isfd137-bue.infd.edu.ar\/sitio\/wp-json\/wp\/v2\/comments?post=924"}],"version-history":[{"count":6,"href":"https:\/\/isfd137-bue.infd.edu.ar\/sitio\/wp-json\/wp\/v2\/posts\/924\/revisions"}],"predecessor-version":[{"id":964,"href":"https:\/\/isfd137-bue.infd.edu.ar\/sitio\/wp-json\/wp\/v2\/posts\/924\/revisions\/964"}],"wp:attachment":[{"href":"https:\/\/isfd137-bue.infd.edu.ar\/sitio\/wp-json\/wp\/v2\/media?parent=924"}],"wp:term":[{"taxonomy":"category","embeddable":true,"href":"https:\/\/isfd137-bue.infd.edu.ar\/sitio\/wp-json\/wp\/v2\/categories?post=924"},{"taxonomy":"post_tag","embeddable":true,"href":"https:\/\/isfd137-bue.infd.edu.ar\/sitio\/wp-json\/wp\/v2\/tags?post=924"}],"curies":[{"name":"wp","href":"https:\/\/api.w.org\/{rel}","templated":true}]}}